{"id":4433,"date":"2026-08-31T12:02:26","date_gmt":"2026-08-31T11:02:26","guid":{"rendered":"https:\/\/imatrabilbao.com\/blog\/?p=4433"},"modified":"2026-08-31T12:12:06","modified_gmt":"2026-08-31T11:12:06","slug":"arsenal","status":"publish","type":"post","link":"https:\/\/imatrabilbao.com\/blog\/lugares\/arsenal\/","title":{"rendered":"ARSenal"},"content":{"rendered":"<p style=\"text-align: center;\"><strong>Historias Luminosas<\/strong> es el t\u00edtulo de la exposici\u00f3n que inaugur\u00f3 <strong>ARSenal,<\/strong>\u00a0 la galer\u00eda experimental\u00a0 que fund\u00e9 junto a Itziar Elejalde en 1996 en la <strong>calle Mazarredo 35 de Bilbao<\/strong>. Este junio pasado se cumplieron 30 a\u00f1os.<\/p>\n<p style=\"text-align: center;\"><a href=\"https:\/\/imatrabilbao.com\/blog\/wp-content\/uploads\/2026\/08\/ARSenal.jpg\"><img decoding=\"async\" loading=\"lazy\" class=\"alignnone size-medium wp-image-4436\" src=\"https:\/\/imatrabilbao.com\/blog\/wp-content\/uploads\/2026\/08\/ARSenal-300x222.jpg\" alt=\"\" width=\"300\" height=\"222\" srcset=\"https:\/\/imatrabilbao.com\/blog\/wp-content\/uploads\/2026\/08\/ARSenal-300x222.jpg 300w, https:\/\/imatrabilbao.com\/blog\/wp-content\/uploads\/2026\/08\/ARSenal-768x568.jpg 768w, https:\/\/imatrabilbao.com\/blog\/wp-content\/uploads\/2026\/08\/ARSenal.jpg 939w\" sizes=\"(max-width: 300px) 100vw, 300px\" \/><\/a><\/p>\n<p style=\"text-align: center;\">En la imagen: <strong>Pilar Blanco<\/strong> e <strong>Itziar Elejalde<\/strong> en el doble retrato by <strong>Bego\u00f1a Zubero.\u00a0<\/strong><\/p>\n<p style=\"text-align: center;\">Esta es la cr\u00f3nica que el cr\u00edtico e historiador <strong>Xabier Sa\u00e9nz de Gorbea<\/strong> escribi\u00f3 para el peri\u00f3dico <strong>DEIA<\/strong> :<\/p>\n<p style=\"text-align: center;\"><a href=\"https:\/\/imatrabilbao.com\/blog\/wp-content\/uploads\/2026\/08\/Historias-Luminosas.jpg\"><img decoding=\"async\" loading=\"lazy\" class=\"alignnone size-medium wp-image-4434\" src=\"https:\/\/imatrabilbao.com\/blog\/wp-content\/uploads\/2026\/08\/Historias-Luminosas-226x300.jpg\" alt=\"\" width=\"226\" height=\"300\" srcset=\"https:\/\/imatrabilbao.com\/blog\/wp-content\/uploads\/2026\/08\/Historias-Luminosas-226x300.jpg 226w, https:\/\/imatrabilbao.com\/blog\/wp-content\/uploads\/2026\/08\/Historias-Luminosas.jpg 723w\" sizes=\"(max-width: 226px) 100vw, 226px\" \/><\/a><\/p>\n<p style=\"text-align: left;\"><a href=\"https:\/\/imatrabilbao.com\/blog\/wp-content\/uploads\/2026\/08\/Historias-Luminosas-Xabier-Saens-de-Gorbea.jpg\"><img decoding=\"async\" loading=\"lazy\" class=\"size-medium wp-image-4435 aligncenter\" src=\"https:\/\/imatrabilbao.com\/blog\/wp-content\/uploads\/2026\/08\/Historias-Luminosas-Xabier-Saens-de-Gorbea-300x153.jpg\" alt=\"\" width=\"300\" height=\"153\" srcset=\"https:\/\/imatrabilbao.com\/blog\/wp-content\/uploads\/2026\/08\/Historias-Luminosas-Xabier-Saens-de-Gorbea-300x153.jpg 300w, https:\/\/imatrabilbao.com\/blog\/wp-content\/uploads\/2026\/08\/Historias-Luminosas-Xabier-Saens-de-Gorbea-1024x524.jpg 1024w, https:\/\/imatrabilbao.com\/blog\/wp-content\/uploads\/2026\/08\/Historias-Luminosas-Xabier-Saens-de-Gorbea-768x393.jpg 768w, https:\/\/imatrabilbao.com\/blog\/wp-content\/uploads\/2026\/08\/Historias-Luminosas-Xabier-Saens-de-Gorbea.jpg 1081w\" sizes=\"(max-width: 300px) 100vw, 300px\" \/><\/a><\/p>\n","protected":false},"excerpt":{"rendered":"<p>Historias Luminosas es el t\u00edtulo de la exposici\u00f3n que inaugur\u00f3 ARSenal,\u00a0 la galer\u00eda experimental\u00a0 que fund\u00e9 junto a Itziar Elejalde en 1996 en la calle Mazarredo 35 de Bilbao. Este junio pasado se cumplieron 30 a\u00f1os. En la imagen: Pilar Blanco e Itziar Elejalde en el doble retrato by Bego\u00f1a Zubero.\u00a0 Esta es la cr\u00f3nica [&hellip;]<\/p>\n","protected":false},"author":2,"featured_media":0,"comment_status":"open","ping_status":"open","sticky":false,"template":"","format":"standard","meta":{"footnotes":""},"categories":[213,17,153],"tags":[29,110,38,81,56],"_links":{"self":[{"href":"https:\/\/imatrabilbao.com\/blog\/wp-json\/wp\/v2\/posts\/4433"}],"collection":[{"href":"https:\/\/imatrabilbao.com\/blog\/wp-json\/wp\/v2\/posts"}],"about":[{"href":"https:\/\/imatrabilbao.com\/blog\/wp-json\/wp\/v2\/types\/post"}],"author":[{"embeddable":true,"href":"https:\/\/imatrabilbao.com\/blog\/wp-json\/wp\/v2\/users\/2"}],"replies":[{"embeddable":true,"href":"https:\/\/imatrabilbao.com\/blog\/wp-json\/wp\/v2\/comments?post=4433"}],"version-history":[{"count":1,"href":"https:\/\/imatrabilbao.com\/blog\/wp-json\/wp\/v2\/posts\/4433\/revisions"}],"predecessor-version":[{"id":4437,"href":"https:\/\/imatrabilbao.com\/blog\/wp-json\/wp\/v2\/posts\/4433\/revisions\/4437"}],"wp:attachment":[{"href":"https:\/\/imatrabilbao.com\/blog\/wp-json\/wp\/v2\/media?parent=4433"}],"wp:term":[{"taxonomy":"category","embeddable":true,"href":"https:\/\/imatrabilbao.com\/blog\/wp-json\/wp\/v2\/categories?post=4433"},{"taxonomy":"post_tag","embeddable":true,"href":"https:\/\/imatrabilbao.com\/blog\/wp-json\/wp\/v2\/tags?post=4433"}],"curies":[{"name":"wp","href":"https:\/\/api.w.org\/{rel}","templated":true}]}}