{"id":4387,"date":"2026-05-02T11:54:04","date_gmt":"2026-05-02T10:54:04","guid":{"rendered":"https:\/\/imatrabilbao.com\/blog\/?p=4387"},"modified":"2026-08-18T20:06:22","modified_gmt":"2026-08-18T19:06:22","slug":"espacio-interior","status":"publish","type":"post","link":"https:\/\/imatrabilbao.com\/blog\/tienda\/espacio-interior\/","title":{"rendered":"Espacio interior"},"content":{"rendered":"<p style=\"text-align: center;\">Tanto la arquitectura como el dise\u00f1o forman parte de un todo inseparable en la creaci\u00f3n de <strong>Alvar Aalto<\/strong>. En muchas ocasiones resulta muy dif\u00edcil -cuando no imposible- trazar una frontera entre ellos. La l\u00ednea ondulada, modelo aprior\u00edstico de este arquitecto para toda clase de cosas (perfiles de muebles, trazados verticales y horizontales de diferentes detalles, objetos, muebles, plantas de edificios&#8230;) nos servir\u00e1 a modo de ejemplo, para relacionar un paralelismo estructural, entre el techo de un edificio, en este caso: la <strong>Biblioteca<\/strong> <strong>de Viipuri<\/strong> y el modelado del celeb\u00e9rrimo jarr\u00f3n <strong>Savoie\u00a0<\/strong> o el carro para t\u00e9 que presentamos en la imagen.<\/p>\n<p style=\"text-align: center;\">El objetivo del dise\u00f1o de su famoso techo ondulado de l\u00e1minas de madera en la sala de conferencias para el proyecto de la <strong>Biblioteca de Viipuri<\/strong>, era inicialmente, mejorar la ac\u00fastica de dicha sala atendiendo al binomio belleza\/funci\u00f3n. A\u00a0 diferencia de lo que ocurre en muchas salas de conciertos, aqu\u00ed la ac\u00fastica funciona en ambas direcciones, de manera que se facilita la audici\u00f3n-comunicaci\u00f3n.<\/p>\n<p style=\"text-align: center;\"><a href=\"https:\/\/imatrabilbao.com\/blog\/wp-content\/uploads\/2026\/05\/Diseno-techo.jpg\"><img decoding=\"async\" loading=\"lazy\" class=\"alignnone size-medium wp-image-4411\" src=\"https:\/\/imatrabilbao.com\/blog\/wp-content\/uploads\/2026\/05\/Diseno-techo-300x87.jpg\" alt=\"\" width=\"300\" height=\"87\" srcset=\"https:\/\/imatrabilbao.com\/blog\/wp-content\/uploads\/2026\/05\/Diseno-techo-300x87.jpg 300w, https:\/\/imatrabilbao.com\/blog\/wp-content\/uploads\/2026\/05\/Diseno-techo-768x224.jpg 768w, https:\/\/imatrabilbao.com\/blog\/wp-content\/uploads\/2026\/05\/Diseno-techo.jpg 913w\" sizes=\"(max-width: 300px) 100vw, 300px\" \/><\/a><\/p>\n<p style=\"text-align: center;\">Al mismo tiempo, el largo proceso de investigaci\u00f3n empleado para el tratamiento del curvado de la madera sirvi\u00f3 para m\u00faltiples aplicaciones posteriores en mobiliario y objetos, como el legendario carrito, sillas, taburetes etc.<\/p>\n<p style=\"text-align: center;\"><a href=\"https:\/\/imatrabilbao.com\/blog\/wp-content\/uploads\/2026\/05\/trolley-Aalto_Marsio-0.jpeg\"><img decoding=\"async\" loading=\"lazy\" class=\"alignnone size-medium wp-image-4388\" src=\"https:\/\/imatrabilbao.com\/blog\/wp-content\/uploads\/2026\/05\/trolley-Aalto_Marsio-0-300x300.jpeg\" alt=\"\" width=\"300\" height=\"300\" srcset=\"https:\/\/imatrabilbao.com\/blog\/wp-content\/uploads\/2026\/05\/trolley-Aalto_Marsio-0-300x300.jpeg 300w, https:\/\/imatrabilbao.com\/blog\/wp-content\/uploads\/2026\/05\/trolley-Aalto_Marsio-0-150x150.jpeg 150w, https:\/\/imatrabilbao.com\/blog\/wp-content\/uploads\/2026\/05\/trolley-Aalto_Marsio-0.jpeg 671w\" sizes=\"(max-width: 300px) 100vw, 300px\" \/><\/a><\/p>\n<p style=\"text-align: center;\"><strong>Alvar Aalto<\/strong> Fund\u00f3 junto a <strong>Aino Marsio<\/strong> en 1935 el<strong> Estudio Artek<\/strong>, con el objetivo principal de comercializar el mobiliario y los objetos que dise\u00f1aban de forma individual o conjunta.\u00a0 <strong>Aino Marsio<\/strong> dise\u00f1aba adem\u00e1s tejidos, siendo la principal encargada de elaborar el programa de <strong>Artek.<\/strong><\/p>\n<p style=\"text-align: center;\">Con la elecci\u00f3n del nombre <strong>Imatra<\/strong>, nuestro modesto Estudio en la ciudad de <strong>Bilbao,<\/strong> rinde un homenaje conceptual a estos geniales creadores, y a la ciudad de Imatra en Finlandia, para la\u00a0 que dise\u00f1aron un plan urban\u00edstico que unificaba con la construcci\u00f3n de la &#8216;iglesia de las tres cruces&#8217; Vouksenniska\u00a0 tres pueblos de car\u00e1cter forestal, consiguiendo un equilibrio de bienestar y sostenibilidad entre las dimensiones materiales, sociales y biol\u00f3gicas del lugar,\u00a0 equilibrio y punto de encuentro entre <strong>Proyecto y Ciudad<\/strong> como infraestructura capaz de\u00a0 sostener la vida cotidiana;\u00a0 y ya entonces, cuando la palabra <strong>&#8216;ecolog\u00eda&#8217;<\/strong> todav\u00eda no se hab\u00eda inventado, volv\u00edan a plantar cada \u00e1rbol que cortaban.<\/p>\n<p style=\"text-align: center;\">Y aunque en nuestros d\u00edas el futuro se encuentre en las culturas hu\u00e9rfanas de dise\u00f1o, donde no haya modelos que seguir ni oponer y sea realmente all\u00ed donde verdaderamente se encuentre el talento; Aino Marsio, Alvar Aalto, Arne Jacobsen, Lina Bo Bardi Achile Castiglione y &#8216;tutti cuanti\u00b4 siempre estar\u00e1n en nuestro coraz\u00f3n<\/p>\n<p style=\"text-align: center;\"><a href=\"https:\/\/imatrabilbao.com\/blog\/wp-content\/uploads\/2026\/05\/trolley-Aalto_Marsio.jpeg\"><img decoding=\"async\" loading=\"lazy\" class=\"alignnone size-medium wp-image-4389\" src=\"https:\/\/imatrabilbao.com\/blog\/wp-content\/uploads\/2026\/05\/trolley-Aalto_Marsio-300x300.jpeg\" alt=\"\" width=\"300\" height=\"300\" srcset=\"https:\/\/imatrabilbao.com\/blog\/wp-content\/uploads\/2026\/05\/trolley-Aalto_Marsio-300x300.jpeg 300w, https:\/\/imatrabilbao.com\/blog\/wp-content\/uploads\/2026\/05\/trolley-Aalto_Marsio-150x150.jpeg 150w, https:\/\/imatrabilbao.com\/blog\/wp-content\/uploads\/2026\/05\/trolley-Aalto_Marsio.jpeg 400w\" sizes=\"(max-width: 300px) 100vw, 300px\" \/><\/a><\/p>\n","protected":false},"excerpt":{"rendered":"<p>Tanto la arquitectura como el dise\u00f1o forman parte de un todo inseparable en la creaci\u00f3n de Alvar Aalto. En muchas ocasiones resulta muy dif\u00edcil -cuando no imposible- trazar una frontera entre ellos. La l\u00ednea ondulada, modelo aprior\u00edstico de este arquitecto para toda clase de cosas (perfiles de muebles, trazados verticales y horizontales de diferentes detalles, [&hellip;]<\/p>\n","protected":false},"author":2,"featured_media":0,"comment_status":"open","ping_status":"open","sticky":false,"template":"","format":"standard","meta":{"footnotes":""},"categories":[194,14],"tags":[110,104,38,86,56],"_links":{"self":[{"href":"https:\/\/imatrabilbao.com\/blog\/wp-json\/wp\/v2\/posts\/4387"}],"collection":[{"href":"https:\/\/imatrabilbao.com\/blog\/wp-json\/wp\/v2\/posts"}],"about":[{"href":"https:\/\/imatrabilbao.com\/blog\/wp-json\/wp\/v2\/types\/post"}],"author":[{"embeddable":true,"href":"https:\/\/imatrabilbao.com\/blog\/wp-json\/wp\/v2\/users\/2"}],"replies":[{"embeddable":true,"href":"https:\/\/imatrabilbao.com\/blog\/wp-json\/wp\/v2\/comments?post=4387"}],"version-history":[{"count":8,"href":"https:\/\/imatrabilbao.com\/blog\/wp-json\/wp\/v2\/posts\/4387\/revisions"}],"predecessor-version":[{"id":4420,"href":"https:\/\/imatrabilbao.com\/blog\/wp-json\/wp\/v2\/posts\/4387\/revisions\/4420"}],"wp:attachment":[{"href":"https:\/\/imatrabilbao.com\/blog\/wp-json\/wp\/v2\/media?parent=4387"}],"wp:term":[{"taxonomy":"category","embeddable":true,"href":"https:\/\/imatrabilbao.com\/blog\/wp-json\/wp\/v2\/categories?post=4387"},{"taxonomy":"post_tag","embeddable":true,"href":"https:\/\/imatrabilbao.com\/blog\/wp-json\/wp\/v2\/tags?post=4387"}],"curies":[{"name":"wp","href":"https:\/\/api.w.org\/{rel}","templated":true}]}}