{"id":3619,"date":"2019-08-07T17:58:16","date_gmt":"2019-08-07T16:58:16","guid":{"rendered":"http:\/\/www.imatrabilbao.com\/blog\/?p=3619"},"modified":"2021-01-18T18:29:43","modified_gmt":"2021-01-18T17:29:43","slug":"la-era-de-edison","status":"publish","type":"post","link":"https:\/\/imatrabilbao.com\/blog\/periodizacion\/la-era-de-edison\/","title":{"rendered":"La era de Edison"},"content":{"rendered":"<p style=\"text-align: center;\">El 4 de septiembre de 1882, un hombre de 35 a\u00f1os llamado <strong>Thomas Alva Edison<\/strong>, que luc\u00eda un chaqu\u00e9 y llevaba sombrero de copa, gir\u00f3 una palanca que ilumin\u00f3 el\u00e9ctricamente las oficinas que el banquero Morgan pose\u00eda en la esquina de las calles <strong>Broad y Wall<\/strong>, de <strong>Nueva York<\/strong>. Momentos despu\u00e9s, el mismo <strong>Edis0n<\/strong> se despojaba de chaqu\u00e9 y sombrero para proceder a la reparaci\u00f3n de un circuito que funcionaba defectuosamente. El inventor y hombre de empresa que hab\u00eda desarrollado la primera l\u00e1mpara incandescente verdaderamente eficaz, junto con cables, enchufes, interruptores, fusibles y sistemas de instalaci\u00f3n el\u00e9ctrica, actuaba todav\u00eda como su propio mec\u00e1nico.<\/p>\n<p style=\"text-align: center;\"><a href=\"http:\/\/www.imatrabilbao.com\/blog\/wp-content\/uploads\/2019\/08\/Ingo-Maurer.jpg\"><img decoding=\"async\" loading=\"lazy\" class=\"aligncenter size-full wp-image-3621\" src=\"http:\/\/www.imatrabilbao.com\/blog\/wp-content\/uploads\/2019\/08\/Ingo-Maurer.jpg\" alt=\"\" width=\"555\" height=\"273\" srcset=\"https:\/\/imatrabilbao.com\/blog\/wp-content\/uploads\/2019\/08\/Ingo-Maurer.jpg 555w, https:\/\/imatrabilbao.com\/blog\/wp-content\/uploads\/2019\/08\/Ingo-Maurer-300x148.jpg 300w\" sizes=\"(max-width: 555px) 100vw, 555px\" \/><\/a><\/p>\n<p style=\"text-align: center;\">Aquel 4 de septiembre de 1882, al encenderse las l\u00e1mparas que iluminaron las oficinas del banquero <strong>Morgan,<\/strong> se iniciaba una nueva era que bien merecidamente fue bautizada con el nombre de <strong>Edison<\/strong>. Durante tres d\u00e9cadas se asisti\u00f3 a un cambio completo en casi todas las actividades humanas. Costumbres y m\u00e9todos que perduraban desde los tiempos de los egipcios, griegos y romanos, desaparecieron de manera absoluta.<\/p>\n<p style=\"text-align: center;\">La aplicaci\u00f3n de la energ\u00eda el\u00e9ctrica lo transform\u00f3 todo. Tranv\u00edas el\u00e9ctricos r\u00e1pidos reemplazaron a los servicios p\u00fablicos de transporte a base de tracci\u00f3n animal, lo que permiti\u00f3 a la gente alejarse varios kil\u00f3metros de sus lugares de trabajo. Cuando se construyeron las primeras l\u00edneas subterr\u00e1neas, se logr\u00f3 eficazmente ensanchar los pulmones de las grandes ciudades.<\/p>\n<p><a href=\"http:\/\/www.imatrabilbao.com\/blog\/wp-content\/uploads\/2019\/08\/Bulb.jpg\"><img decoding=\"async\" loading=\"lazy\" class=\"aligncenter size-full wp-image-3623\" src=\"http:\/\/www.imatrabilbao.com\/blog\/wp-content\/uploads\/2019\/08\/Bulb.jpg\" alt=\"\" width=\"555\" height=\"331\" srcset=\"https:\/\/imatrabilbao.com\/blog\/wp-content\/uploads\/2019\/08\/Bulb.jpg 555w, https:\/\/imatrabilbao.com\/blog\/wp-content\/uploads\/2019\/08\/Bulb-300x179.jpg 300w\" sizes=\"(max-width: 555px) 100vw, 555px\" \/><\/a><\/p>\n<p style=\"text-align: center;\">La energ\u00eda el\u00e9ctrica aplicada a los ascensores permiti\u00f3 que los ingenieros y arquitectos pudieran edificar rascacielos, pues se hab\u00eda encontrado el medio de alcanzar con rapidez y seguridad alturas, donde se encontraban oficinas y viviendas, a las que dif\u00edcilmente se hubiera llegado de tener que utilizar las antiguas escaleras.<\/p>\n<p style=\"text-align: center;\">El mundo que en 1914 entr\u00f3 en la que fue primera guerra mundial era bien diferente del que exist\u00eda antes de demostrar <strong>Edison<\/strong> que hab\u00eda descubierto la aplicaci\u00f3n pr\u00e1ctica de la electricidad.<\/p>\n<p style=\"text-align: center;\"><a href=\"http:\/\/www.imatrabilbao.com\/blog\/wp-content\/uploads\/2019\/08\/ingo-2.jpg\"><img decoding=\"async\" loading=\"lazy\" class=\"aligncenter size-full wp-image-3626\" src=\"http:\/\/www.imatrabilbao.com\/blog\/wp-content\/uploads\/2019\/08\/ingo-2.jpg\" alt=\"\" width=\"200\" height=\"266\" \/><\/a><\/p>\n<p style=\"text-align: center;\"><strong>Edison<\/strong> tuvo la imaginaci\u00f3n suficiente para comprender la importancia que tendr\u00edan las aplicaciones pr\u00e1cticas de la electricidad para el progreso de la Humanidad. Antes que \u00e9l las investigaciones de los f\u00edsicos alemanes Hermann von Helmholtz y Rudolf Hertz y luego los del franc\u00e9s Gabriel Lippmann lo hicieron de alg\u00fan modo posible.<\/p>\n<p style=\"text-align: center;\">Algunas de estas reflexiones pudo haberse\u00a0 hecho <strong>Ingo Maurer <\/strong>(1932\/2019), cuando en 1966 prendado de la belleza desnuda de la bombilla que colgaba del techo donde se encontraba, pens\u00f3 en <strong>Bulb<\/strong>, precisamente eso: una bombilla gigante homenaje a<strong> Edison.\u00a0<\/strong>Hoy desde <strong>Imatra<\/strong> el sentido homenaje es a la memoria \u00a0de <strong>Ingo Maurer<\/strong>, dise\u00f1ador, tip\u00f3grafo, y excelente profesional cercano y atento a colaborar, incluso en proyectos iniciales, como cuando accedi\u00f3 a colaborar para la exposici\u00f3n <strong>Historias Luminosas<\/strong>, realizada en 1996 en el espacio expositivo <strong>ARSsenal, <\/strong>del que Pilar Blanco fue socia fundadora<\/p>\n<p style=\"text-align: center;\"><strong>Las fuentes de energ\u00eda cambian y el mundo en 2019 es absolutamente diferente, no obstante hay descubrimientos que generan dise\u00f1os que no solo permanecen sino que forman y conforman el esp\u00edritu de su tiempo y nuestro presente m\u00e1s actual porque generan futuro<\/strong><\/p>\n","protected":false},"excerpt":{"rendered":"<p>El 4 de septiembre de 1882, un hombre de 35 a\u00f1os llamado Thomas Alva Edison, que luc\u00eda un chaqu\u00e9 y llevaba sombrero de copa, gir\u00f3 una palanca que ilumin\u00f3 el\u00e9ctricamente las oficinas que el banquero Morgan pose\u00eda en la esquina de las calles Broad y Wall, de Nueva York. Momentos despu\u00e9s, el mismo Edis0n se [&hellip;]<\/p>\n","protected":false},"author":2,"featured_media":0,"comment_status":"open","ping_status":"open","sticky":false,"template":"","format":"standard","meta":{"footnotes":""},"categories":[153],"tags":[104,38,101,167,175],"_links":{"self":[{"href":"https:\/\/imatrabilbao.com\/blog\/wp-json\/wp\/v2\/posts\/3619"}],"collection":[{"href":"https:\/\/imatrabilbao.com\/blog\/wp-json\/wp\/v2\/posts"}],"about":[{"href":"https:\/\/imatrabilbao.com\/blog\/wp-json\/wp\/v2\/types\/post"}],"author":[{"embeddable":true,"href":"https:\/\/imatrabilbao.com\/blog\/wp-json\/wp\/v2\/users\/2"}],"replies":[{"embeddable":true,"href":"https:\/\/imatrabilbao.com\/blog\/wp-json\/wp\/v2\/comments?post=3619"}],"version-history":[{"count":6,"href":"https:\/\/imatrabilbao.com\/blog\/wp-json\/wp\/v2\/posts\/3619\/revisions"}],"predecessor-version":[{"id":3792,"href":"https:\/\/imatrabilbao.com\/blog\/wp-json\/wp\/v2\/posts\/3619\/revisions\/3792"}],"wp:attachment":[{"href":"https:\/\/imatrabilbao.com\/blog\/wp-json\/wp\/v2\/media?parent=3619"}],"wp:term":[{"taxonomy":"category","embeddable":true,"href":"https:\/\/imatrabilbao.com\/blog\/wp-json\/wp\/v2\/categories?post=3619"},{"taxonomy":"post_tag","embeddable":true,"href":"https:\/\/imatrabilbao.com\/blog\/wp-json\/wp\/v2\/tags?post=3619"}],"curies":[{"name":"wp","href":"https:\/\/api.w.org\/{rel}","templated":true}]}}