{"id":3443,"date":"2018-04-25T11:37:02","date_gmt":"2018-04-25T10:37:02","guid":{"rendered":"http:\/\/www.imatrabilbao.com\/blog\/?p=3443"},"modified":"2018-04-26T15:22:09","modified_gmt":"2018-04-26T14:22:09","slug":"principio-y-sintesis","status":"publish","type":"post","link":"https:\/\/imatrabilbao.com\/blog\/periodizacion\/principio-y-sintesis\/","title":{"rendered":"Principio y s\u00edntesis"},"content":{"rendered":"<p style=\"text-align: center;\">Forma y espacio son dos elementos\u00a0 fundamentales de la arquitectura y del dise\u00f1o de exposiciones. La forma discernible en todo momento por el ojo humano est\u00e1, m\u00e1s estrechamente relacionada que el espacio con nuestro sentido de la vista, pues la forma es concreta y conduce por si misma al significado; por contraste con la forma, el espacio no solo se describe por la vista, el o\u00eddo y los restantes sentidos, sino tambi\u00e9n por otras sensaciones no tan perceptibles como el equilibrio y la gravedad. Con estas premisas las diferentes colaboraciones entre <strong>Droog Design<\/strong> e <strong>Imatra<\/strong> sintetizan en parte los intereses est\u00e9ticos de sus idearios.<\/p>\n<p style=\"text-align: center;\"><a href=\"http:\/\/www.imatrabilbao.com\/blog\/wp-content\/uploads\/2018\/04\/forma.jpg\" data-mce-fragment=\"1\"><img decoding=\"async\" loading=\"lazy\" class=\"aligncenter size-full wp-image-3447\" src=\"http:\/\/www.imatrabilbao.com\/blog\/wp-content\/uploads\/2018\/04\/forma.jpg\" alt=\"\" width=\"555\" height=\"327\" data-mce-fragment=\"1\" srcset=\"https:\/\/imatrabilbao.com\/blog\/wp-content\/uploads\/2018\/04\/forma.jpg 555w, https:\/\/imatrabilbao.com\/blog\/wp-content\/uploads\/2018\/04\/forma-300x177.jpg 300w\" sizes=\"(max-width: 555px) 100vw, 555px\" \/><\/a><\/p>\n<p style=\"text-align: center;\">La natural tendencia a recurrir a formas constructivas y nuevos materiales dominan el sentido de la muestra en un recorrido que va del objeto imposible al mobiliario cotidiano, en una apariencia entre cerrada y funcional en un intento de rescatar los fragmentos rotos de ideas que integran el torrente de la actividad mental en su imparable viaje hacia el olvido, en intuiciones brillantes articuladas en un juego especular con lo real.<\/p>\n<p style=\"text-align: center;\"><a href=\"http:\/\/www.imatrabilbao.com\/blog\/wp-content\/uploads\/2018\/04\/breuer.jpg\"><img decoding=\"async\" loading=\"lazy\" class=\"aligncenter size-full wp-image-3449\" src=\"http:\/\/www.imatrabilbao.com\/blog\/wp-content\/uploads\/2018\/04\/breuer.jpg\" alt=\"\" width=\"197\" height=\"201\" \/><\/a><\/p>\n<p style=\"text-align: center;\">La fuerza de la gravedad impone a la arquitectura diferentes \u00f3rdenes verticales y horizontales, y demanda geometr\u00edas diferentes para sus ejes, es espectador el que pone en movimiento su imagen.<\/p>\n<p style=\"text-align: center;\">Cuando uno se entrega a la experiencia de la arquitectura, es \u00abuno mismo\u00bb quien media entre orden y fen\u00f3menos, quien siente que un v\u00ednculo de respuesta va ganando terreno lentamente cuando un orden geom\u00e9trico est\u00e1tico consigue establecer una presencia din\u00e1mica en la propia consciencia.<\/p>\n<p style=\"text-align: center;\"><a href=\"http:\/\/www.imatrabilbao.com\/blog\/wp-content\/uploads\/2018\/04\/forma.jpg\"><img decoding=\"async\" loading=\"lazy\" class=\"aligncenter size-full wp-image-3447\" src=\"http:\/\/www.imatrabilbao.com\/blog\/wp-content\/uploads\/2018\/04\/forma.jpg\" alt=\"\" width=\"555\" height=\"327\" srcset=\"https:\/\/imatrabilbao.com\/blog\/wp-content\/uploads\/2018\/04\/forma.jpg 555w, https:\/\/imatrabilbao.com\/blog\/wp-content\/uploads\/2018\/04\/forma-300x177.jpg 300w\" sizes=\"(max-width: 555px) 100vw, 555px\" \/><\/a><\/p>\n<p style=\"text-align: center;\">En el interior de nuestra experiencia de un orden arquitect\u00f3nico abstracto como fen\u00f3meno consciente, llegamos a sentirnos realmente inspirados por la arquitectura.<\/p>\n","protected":false},"excerpt":{"rendered":"<p>Forma y espacio son dos elementos\u00a0 fundamentales de la arquitectura y del dise\u00f1o de exposiciones. La forma discernible en todo momento por el ojo humano est\u00e1, m\u00e1s estrechamente relacionada que el espacio con nuestro sentido de la vista, pues la forma es concreta y conduce por si misma al significado; por contraste con la forma, [&hellip;]<\/p>\n","protected":false},"author":2,"featured_media":0,"comment_status":"open","ping_status":"open","sticky":false,"template":"","format":"standard","meta":{"footnotes":""},"categories":[153],"tags":[111,52,38,121],"_links":{"self":[{"href":"https:\/\/imatrabilbao.com\/blog\/wp-json\/wp\/v2\/posts\/3443"}],"collection":[{"href":"https:\/\/imatrabilbao.com\/blog\/wp-json\/wp\/v2\/posts"}],"about":[{"href":"https:\/\/imatrabilbao.com\/blog\/wp-json\/wp\/v2\/types\/post"}],"author":[{"embeddable":true,"href":"https:\/\/imatrabilbao.com\/blog\/wp-json\/wp\/v2\/users\/2"}],"replies":[{"embeddable":true,"href":"https:\/\/imatrabilbao.com\/blog\/wp-json\/wp\/v2\/comments?post=3443"}],"version-history":[{"count":6,"href":"https:\/\/imatrabilbao.com\/blog\/wp-json\/wp\/v2\/posts\/3443\/revisions"}],"predecessor-version":[{"id":3453,"href":"https:\/\/imatrabilbao.com\/blog\/wp-json\/wp\/v2\/posts\/3443\/revisions\/3453"}],"wp:attachment":[{"href":"https:\/\/imatrabilbao.com\/blog\/wp-json\/wp\/v2\/media?parent=3443"}],"wp:term":[{"taxonomy":"category","embeddable":true,"href":"https:\/\/imatrabilbao.com\/blog\/wp-json\/wp\/v2\/categories?post=3443"},{"taxonomy":"post_tag","embeddable":true,"href":"https:\/\/imatrabilbao.com\/blog\/wp-json\/wp\/v2\/tags?post=3443"}],"curies":[{"name":"wp","href":"https:\/\/api.w.org\/{rel}","templated":true}]}}