{"id":3433,"date":"2018-04-11T11:59:39","date_gmt":"2018-04-11T10:59:39","guid":{"rendered":"http:\/\/www.imatrabilbao.com\/blog\/?p=3433"},"modified":"2018-04-14T11:22:38","modified_gmt":"2018-04-14T10:22:38","slug":"pabellon-philips","status":"publish","type":"post","link":"https:\/\/imatrabilbao.com\/blog\/arquitectura-efimera\/pabellon-philips\/","title":{"rendered":"Pabell\u00f3n Philips"},"content":{"rendered":"<p style=\"text-align: center;\">Anticipando las actuales tecnolog\u00edas digitales de proyecto, as\u00ed como procesos materiales que sirven para producir vida social y cultura, el Pabell\u00f3n Philips dise\u00f1ado por Iannis Xenakis y Le Corbusier en 1958 propone una s\u00edntesis capaz de integrar arquitectura, m\u00fasica, ingenier\u00eda y artes visuales. Realizado por encargo de Louis Kalff directivo de la firma holandesa Philips para la exposici\u00f3n internacional de Bruselas de ese mismo a\u00f1o; los elementos constructivos de este pabell\u00f3n \u00a0est\u00e1n basados en las mismas estructuras de los impresionantes PH usados por Xenakis en Met\u00e1stasis su primera gran obra orquestal.<\/p>\n<p style=\"text-align: center;\">La estructura es una composici\u00f3n asim\u00e9trica formadas por nueve paraboloides hiperb\u00f3licos conformados mediante piezas rectas de hormig\u00f3n pretensado.<\/p>\n<p style=\"text-align: center;\"><a href=\"http:\/\/www.imatrabilbao.com\/blog\/wp-content\/uploads\/2018\/04\/Xenakis.jpg\" data-mce-fragment=\"1\"><img decoding=\"async\" loading=\"lazy\" class=\"size-full wp-image-3434 alignnone\" src=\"http:\/\/www.imatrabilbao.com\/blog\/wp-content\/uploads\/2018\/04\/Xenakis.jpg\" alt=\"\" width=\"497\" height=\"358\" data-mce-fragment=\"1\" srcset=\"https:\/\/imatrabilbao.com\/blog\/wp-content\/uploads\/2018\/04\/Xenakis.jpg 497w, https:\/\/imatrabilbao.com\/blog\/wp-content\/uploads\/2018\/04\/Xenakis-300x216.jpg 300w\" sizes=\"(max-width: 497px) 100vw, 497px\" \/><\/a><\/p>\n<p style=\"text-align: center;\"><a href=\"http:\/\/www.imatrabilbao.com\/blog\/wp-content\/uploads\/2018\/04\/Xenakis.jpg\" data-mce-fragment=\"1\">L<\/a>a planta se configura como un per\u00edmetro curvil\u00edneo complejo de 25 x 40 metros desde donde se levantan tres puntos a manera de cumbres la m\u00e1s alta de las cuales alcanza 18 metros. La uni\u00f3n de \u00e9stas con el perfil de la planta, da origen a una serie de costillas realizadas en hormig\u00f3n pretensado que a su vez generan los PH articulados que constituyen la piel exterior del pabell\u00f3n.<\/p>\n<p style=\"text-align: center;\">De alg\u00fan modo la asimetr\u00eda de esta construcci\u00f3n singular escapa al mito de serenidad y clasicismo imperante en arquitectura que el propio Le Corbusier hab\u00eda contribuido a crear, permitiendo igualmente a Edgar Var\u00e8se concebir \u00a0y trasmitir sus ideas acerca de una m\u00fasica de la que no exist\u00edan precedentes y fijarlos en un poema que correspond\u00eda al tiempo del espect\u00e1culo visual.<\/p>\n<p style=\"text-align: center;\"><a href=\"http:\/\/www.imatrabilbao.com\/blog\/wp-content\/uploads\/2018\/04\/pavillion.jpg\" data-mce-fragment=\"1\"><img decoding=\"async\" loading=\"lazy\" class=\"aligncenter size-full wp-image-3435\" src=\"http:\/\/www.imatrabilbao.com\/blog\/wp-content\/uploads\/2018\/04\/pavillion.jpg\" alt=\"\" width=\"555\" height=\"401\" data-mce-fragment=\"1\" srcset=\"https:\/\/imatrabilbao.com\/blog\/wp-content\/uploads\/2018\/04\/pavillion.jpg 555w, https:\/\/imatrabilbao.com\/blog\/wp-content\/uploads\/2018\/04\/pavillion-300x217.jpg 300w\" sizes=\"(max-width: 555px) 100vw, 555px\" \/><\/a><\/p>\n<p>&nbsp;<\/p>\n","protected":false},"excerpt":{"rendered":"<p>Anticipando las actuales tecnolog\u00edas digitales de proyecto, as\u00ed como procesos materiales que sirven para producir vida social y cultura, el Pabell\u00f3n Philips dise\u00f1ado por Iannis Xenakis y Le Corbusier en 1958 propone una s\u00edntesis capaz de integrar arquitectura, m\u00fasica, ingenier\u00eda y artes visuales. Realizado por encargo de Louis Kalff directivo de la firma holandesa Philips [&hellip;]<\/p>\n","protected":false},"author":2,"featured_media":0,"comment_status":"open","ping_status":"open","sticky":false,"template":"","format":"standard","meta":{"footnotes":""},"categories":[159],"tags":[16,104,111,160,56,161],"_links":{"self":[{"href":"https:\/\/imatrabilbao.com\/blog\/wp-json\/wp\/v2\/posts\/3433"}],"collection":[{"href":"https:\/\/imatrabilbao.com\/blog\/wp-json\/wp\/v2\/posts"}],"about":[{"href":"https:\/\/imatrabilbao.com\/blog\/wp-json\/wp\/v2\/types\/post"}],"author":[{"embeddable":true,"href":"https:\/\/imatrabilbao.com\/blog\/wp-json\/wp\/v2\/users\/2"}],"replies":[{"embeddable":true,"href":"https:\/\/imatrabilbao.com\/blog\/wp-json\/wp\/v2\/comments?post=3433"}],"version-history":[{"count":4,"href":"https:\/\/imatrabilbao.com\/blog\/wp-json\/wp\/v2\/posts\/3433\/revisions"}],"predecessor-version":[{"id":3441,"href":"https:\/\/imatrabilbao.com\/blog\/wp-json\/wp\/v2\/posts\/3433\/revisions\/3441"}],"wp:attachment":[{"href":"https:\/\/imatrabilbao.com\/blog\/wp-json\/wp\/v2\/media?parent=3433"}],"wp:term":[{"taxonomy":"category","embeddable":true,"href":"https:\/\/imatrabilbao.com\/blog\/wp-json\/wp\/v2\/categories?post=3433"},{"taxonomy":"post_tag","embeddable":true,"href":"https:\/\/imatrabilbao.com\/blog\/wp-json\/wp\/v2\/tags?post=3433"}],"curies":[{"name":"wp","href":"https:\/\/api.w.org\/{rel}","templated":true}]}}