{"id":2590,"date":"2014-05-29T11:39:11","date_gmt":"2014-05-29T10:39:11","guid":{"rendered":"http:\/\/www.imatrabilbao.com\/blog\/?p=2590"},"modified":"2015-04-22T15:17:53","modified_gmt":"2015-04-22T14:17:53","slug":"republica","status":"publish","type":"post","link":"https:\/\/imatrabilbao.com\/blog\/hemeroteca\/republica\/","title":{"rendered":"Rep\u00fablica"},"content":{"rendered":"<p style=\"text-align: center;\">Ganador del prestigioso premio <strong>GURE ARTEA<\/strong> 2014 <strong>Juan Luis Moraza<\/strong>\u00a0actualmente prepara una muestra en el <strong>MNCARS<\/strong>\u00a0para octubre de este mismo a\u00f1o. La noci\u00f3n de<strong> rep\u00fablica<\/strong> le sirve \u00a0 para desarrollar en una especie de confederaci\u00f3n de reflejos, tres series de obras <strong>-Repercusiones, Implejidades y Software-<\/strong> \u00a0que han ido rodeando de forma latente un espacio donde <strong>cuerpo, sujeto y v\u00ednculo<\/strong> se reflejan en una encrucijada com\u00fan.<\/p>\n<p style=\"text-align: center;\"><a href=\"http:\/\/www.imatrabilbao.com\/blog\/wp-content\/uploads\/2014\/05\/xaxaimatra.jpg\"><img decoding=\"async\" loading=\"lazy\" class=\"aligncenter size-full wp-image-2591\" src=\"http:\/\/www.imatrabilbao.com\/blog\/wp-content\/uploads\/2014\/05\/xaxaimatra.jpg\" alt=\"GALERIA - TIENDA IMATRA\" width=\"555\" height=\"320\" srcset=\"https:\/\/imatrabilbao.com\/blog\/wp-content\/uploads\/2014\/05\/xaxaimatra.jpg 555w, https:\/\/imatrabilbao.com\/blog\/wp-content\/uploads\/2014\/05\/xaxaimatra-300x172.jpg 300w\" sizes=\"(max-width: 555px) 100vw, 555px\" \/><\/a><\/p>\n<p style=\"text-align: center;\"><strong>Juan Luis Moraza y Pilar Blanco<\/strong> en una imagen de archivo de la muestra colectiva <em><strong>Indom\u00e9stico<\/strong><\/em> que inaugur\u00f3 el espacio expositivo de <strong>Imatra<\/strong> en la calle Costa 12-14 de Bilbao<\/p>\n","protected":false},"excerpt":{"rendered":"<p>Ganador del prestigioso premio GURE ARTEA 2014 Juan Luis Moraza\u00a0actualmente prepara una muestra en el MNCARS\u00a0para octubre de este mismo a\u00f1o. La noci\u00f3n de rep\u00fablica le sirve \u00a0 para desarrollar en una especie de confederaci\u00f3n de reflejos, tres series de obras -Repercusiones, Implejidades y Software- \u00a0que han ido rodeando de forma latente un espacio donde [&hellip;]<\/p>\n","protected":false},"author":2,"featured_media":0,"comment_status":"open","ping_status":"open","sticky":false,"template":"","format":"standard","meta":{"footnotes":""},"categories":[11,12],"tags":[67,66,24,68],"_links":{"self":[{"href":"https:\/\/imatrabilbao.com\/blog\/wp-json\/wp\/v2\/posts\/2590"}],"collection":[{"href":"https:\/\/imatrabilbao.com\/blog\/wp-json\/wp\/v2\/posts"}],"about":[{"href":"https:\/\/imatrabilbao.com\/blog\/wp-json\/wp\/v2\/types\/post"}],"author":[{"embeddable":true,"href":"https:\/\/imatrabilbao.com\/blog\/wp-json\/wp\/v2\/users\/2"}],"replies":[{"embeddable":true,"href":"https:\/\/imatrabilbao.com\/blog\/wp-json\/wp\/v2\/comments?post=2590"}],"version-history":[{"count":1,"href":"https:\/\/imatrabilbao.com\/blog\/wp-json\/wp\/v2\/posts\/2590\/revisions"}],"predecessor-version":[{"id":2592,"href":"https:\/\/imatrabilbao.com\/blog\/wp-json\/wp\/v2\/posts\/2590\/revisions\/2592"}],"wp:attachment":[{"href":"https:\/\/imatrabilbao.com\/blog\/wp-json\/wp\/v2\/media?parent=2590"}],"wp:term":[{"taxonomy":"category","embeddable":true,"href":"https:\/\/imatrabilbao.com\/blog\/wp-json\/wp\/v2\/categories?post=2590"},{"taxonomy":"post_tag","embeddable":true,"href":"https:\/\/imatrabilbao.com\/blog\/wp-json\/wp\/v2\/tags?post=2590"}],"curies":[{"name":"wp","href":"https:\/\/api.w.org\/{rel}","templated":true}]}}