{"id":2123,"date":"2013-07-26T10:22:39","date_gmt":"2013-07-26T09:22:39","guid":{"rendered":"http:\/\/www.imatrabilbao.com\/blog\/?p=2123"},"modified":"2017-05-20T19:52:10","modified_gmt":"2017-05-20T18:52:10","slug":"de-stijl","status":"publish","type":"post","link":"https:\/\/imatrabilbao.com\/blog\/casas\/de-stijl\/","title":{"rendered":"De Stijl"},"content":{"rendered":"<p style=\"text-align: center;\">Cuando una cierta nostalgia nos empuja a reutilizar los fragmentos rescatados del naufragio sufrido por las \u00a0vanguardias, y a seguir transitando por los caminos abiertos por ellas, sobreviene una especie de desnaturalizaci\u00f3n. Es entonces cuando los signos se ofrecen abiertos y mudos.<\/p>\n<p style=\"text-align: center;\"><a href=\"http:\/\/www.imatrabilbao.com\/blog\/wp-content\/uploads\/2013\/07\/Utrecht.jpg\"><img decoding=\"async\" loading=\"lazy\" class=\"aligncenter size-full wp-image-2124\" title=\"Utrecht\" src=\"http:\/\/www.imatrabilbao.com\/blog\/wp-content\/uploads\/2013\/07\/Utrecht.jpg\" alt=\"\" width=\"489\" height=\"237\" srcset=\"https:\/\/imatrabilbao.com\/blog\/wp-content\/uploads\/2013\/07\/Utrecht.jpg 489w, https:\/\/imatrabilbao.com\/blog\/wp-content\/uploads\/2013\/07\/Utrecht-300x145.jpg 300w\" sizes=\"(max-width: 489px) 100vw, 489px\" \/><\/a><\/p>\n<p style=\"text-align: center;\"><strong>Gerrit Thomas Rietveld<\/strong> was a young rationalist architect in this thirties, active and committed, when he joined the <strong>De Stijl<\/strong> movement in 1918. Thanks to the innovative energy of a figurative languaje which was also able to involve architectural language in its process of developement, the movement tended to translate and compose in ideology the theme of dynamic breakdown and decomposition that had already been expressed in cubist painting.<\/p>\n<p style=\"text-align: center;\">En este per\u00edodo el joven Rietveld dise\u00f1\u00f3 algunos de los muebles m\u00e1s importantes y sugestivos, a trav\u00e9s de los cuales el significado del <strong>neo-plasticismo<\/strong> se hace patente.<\/p>\n","protected":false},"excerpt":{"rendered":"<p>Cuando una cierta nostalgia nos empuja a reutilizar los fragmentos rescatados del naufragio sufrido por las \u00a0vanguardias, y a seguir transitando por los caminos abiertos por ellas, sobreviene una especie de desnaturalizaci\u00f3n. Es entonces cuando los signos se ofrecen abiertos y mudos. Gerrit Thomas Rietveld was a young rationalist architect in this thirties, active and [&hellip;]<\/p>\n","protected":false},"author":2,"featured_media":0,"comment_status":"open","ping_status":"open","sticky":false,"template":"","format":"standard","meta":{"footnotes":""},"categories":[8,153],"tags":[],"_links":{"self":[{"href":"https:\/\/imatrabilbao.com\/blog\/wp-json\/wp\/v2\/posts\/2123"}],"collection":[{"href":"https:\/\/imatrabilbao.com\/blog\/wp-json\/wp\/v2\/posts"}],"about":[{"href":"https:\/\/imatrabilbao.com\/blog\/wp-json\/wp\/v2\/types\/post"}],"author":[{"embeddable":true,"href":"https:\/\/imatrabilbao.com\/blog\/wp-json\/wp\/v2\/users\/2"}],"replies":[{"embeddable":true,"href":"https:\/\/imatrabilbao.com\/blog\/wp-json\/wp\/v2\/comments?post=2123"}],"version-history":[{"count":9,"href":"https:\/\/imatrabilbao.com\/blog\/wp-json\/wp\/v2\/posts\/2123\/revisions"}],"predecessor-version":[{"id":2147,"href":"https:\/\/imatrabilbao.com\/blog\/wp-json\/wp\/v2\/posts\/2123\/revisions\/2147"}],"wp:attachment":[{"href":"https:\/\/imatrabilbao.com\/blog\/wp-json\/wp\/v2\/media?parent=2123"}],"wp:term":[{"taxonomy":"category","embeddable":true,"href":"https:\/\/imatrabilbao.com\/blog\/wp-json\/wp\/v2\/categories?post=2123"},{"taxonomy":"post_tag","embeddable":true,"href":"https:\/\/imatrabilbao.com\/blog\/wp-json\/wp\/v2\/tags?post=2123"}],"curies":[{"name":"wp","href":"https:\/\/api.w.org\/{rel}","templated":true}]}}